{"id":1628,"date":"2024-10-17T14:19:05","date_gmt":"2024-10-17T12:19:05","guid":{"rendered":"https:\/\/cdl.dev-shd.fr\/?p=1628"},"modified":"2024-10-30T15:21:17","modified_gmt":"2024-10-30T13:21:17","slug":"test","status":"publish","type":"post","link":"https:\/\/www.campingcotedeslegendes.com\/en\/test\/","title":{"rendered":"Opening 2025"},"content":{"rendered":"<div class='breakdance'><section class=\"bde-section-1628-100 bde-section\">\n  \n\t\n\n\n\n<div class=\"section-container\"><\/div>\n<\/section><section class=\"bde-section-1628-102 bde-section\">\n  \n\t\n\n\n\n<div class=\"section-container\"><div class=\"bde-div-1628-104 bde-div\">\n  \n\t\n\n\n\n<h1 class=\"bde-heading-1628-105 bde-heading\">\nOuverture 2025 du camping C\u00f4te des L\u00e9gendes \n<\/h1>\n<\/div><div class=\"bde-div-1628-107 bde-div hebergement-slider\">\n  \n\t\n\n\n\n<div class=\"bde-div-1628-108 bde-div\">\n  \n\t\n\n\n\n<div class=\"bde-columns-1628-109 bde-columns\"><div class=\"bde-column-1628-110 bde-column\">\n  \n\t\n\n\n\n<div class=\"bde-div-1628-111 bde-div\">\n  \n\t\n\n\n\n<div class=\"bde-rich-text-1628-112 bde-rich-text breakdance-rich-text-styles\">\n<p>Le Camping C\u00f4te des L\u00e9gendes ouvre ses portes du 3 avril au 2 novembre 2025. Profitez de nos installations confortables et explorez la beaut\u00e9 naturelle de la r\u00e9gion. Avec des options de loisirs pour tous les \u00e2ges et des services pratiques comme la location de v\u00e9los, pr\u00e9parez-vous \u00e0 un s\u00e9jour agr\u00e9able et relaxant.<br \/><!-- notionvc: 5fadca62-d8da-43ac-aec7-f442be46e1b3 --><\/p><p><!-- notionvc: 2032898b-cf75-4326-b5f9-7feb80817f2f --><\/p>\n<\/div>\n<\/div>\n<\/div><\/div><div class=\"bde-div-1628-113 bde-div\">\n  \n\t\n\n\n\n<div class=\"bde-image-1628-114 bde-image\">\n<figure class=\"breakdance-image breakdance-image--1904\">\n\t<div class=\"breakdance-image-container\">\n\t\t<div class=\"breakdance-image-clip\"><img loading=\"lazy\" decoding=\"async\" class=\"breakdance-image-object\" src=\"https:\/\/www.campingcotedeslegendes.com\/wp-content\/uploads\/2024\/10\/camping_cote_des_legendes_jardin_des_fleurs_3_chambres_02-scaled.webp\" width=\"2560\" height=\"1920\" srcset=\"https:\/\/www.campingcotedeslegendes.com\/wp-content\/uploads\/2024\/10\/camping_cote_des_legendes_jardin_des_fleurs_3_chambres_02-scaled.webp 2560w, https:\/\/www.campingcotedeslegendes.com\/wp-content\/uploads\/2024\/10\/camping_cote_des_legendes_jardin_des_fleurs_3_chambres_02-300x225.webp 300w, https:\/\/www.campingcotedeslegendes.com\/wp-content\/uploads\/2024\/10\/camping_cote_des_legendes_jardin_des_fleurs_3_chambres_02-1024x768.webp 1024w, https:\/\/www.campingcotedeslegendes.com\/wp-content\/uploads\/2024\/10\/camping_cote_des_legendes_jardin_des_fleurs_3_chambres_02-768x576.webp 768w, https:\/\/www.campingcotedeslegendes.com\/wp-content\/uploads\/2024\/10\/camping_cote_des_legendes_jardin_des_fleurs_3_chambres_02-1536x1152.webp 1536w, https:\/\/www.campingcotedeslegendes.com\/wp-content\/uploads\/2024\/10\/camping_cote_des_legendes_jardin_des_fleurs_3_chambres_02-2048x1536.webp 2048w\" sizes=\"auto, (max-width: 2560px) 100vw, 2560px\"><\/div>\n\t<\/div><\/figure>\n\n<\/div>\n<\/div>\n<\/div>\n<\/div><div class=\"bde-div-1628-116 bde-div hebergement-slider\">\n  \n\t\n\n\n\n<div class=\"bde-div-1628-117 bde-div\">\n  \n\t\n\n\n\n<div class=\"bde-columns-1628-118 bde-columns\"><div class=\"bde-column-1628-119 bde-column\">\n  \n\t\n\n\n\n<div class=\"bde-div-1628-120 bde-div\">\n  \n\t\n\n\n\n<div class=\"bde-rich-text-1628-121 bde-rich-text breakdance-rich-text-styles\">\n<p>Le Camping C\u00f4te des L\u00e9gendes ouvre ses portes du 3 avril au 2 novembre 2025. Profitez de nos installations confortables et explorez la beaut\u00e9 naturelle de la r\u00e9gion. Avec des options de loisirs pour tous les \u00e2ges et des services pratiques comme la location de v\u00e9los, pr\u00e9parez-vous \u00e0 un s\u00e9jour agr\u00e9able et relaxant.<br \/><!-- notionvc: 5fadca62-d8da-43ac-aec7-f442be46e1b3 --><\/p><p><!-- notionvc: 2032898b-cf75-4326-b5f9-7feb80817f2f --><\/p>\n<\/div><div class=\"bde-image-1628-123 bde-image\">\n<figure class=\"breakdance-image breakdance-image--1904\">\n\t<div class=\"breakdance-image-container\">\n\t\t<div class=\"breakdance-image-clip\"><img loading=\"lazy\" decoding=\"async\" class=\"breakdance-image-object\" src=\"https:\/\/www.campingcotedeslegendes.com\/wp-content\/uploads\/2024\/10\/camping_cote_des_legendes_jardin_des_fleurs_3_chambres_02-scaled.webp\" width=\"2560\" height=\"1920\" srcset=\"https:\/\/www.campingcotedeslegendes.com\/wp-content\/uploads\/2024\/10\/camping_cote_des_legendes_jardin_des_fleurs_3_chambres_02-scaled.webp 2560w, https:\/\/www.campingcotedeslegendes.com\/wp-content\/uploads\/2024\/10\/camping_cote_des_legendes_jardin_des_fleurs_3_chambres_02-300x225.webp 300w, https:\/\/www.campingcotedeslegendes.com\/wp-content\/uploads\/2024\/10\/camping_cote_des_legendes_jardin_des_fleurs_3_chambres_02-1024x768.webp 1024w, https:\/\/www.campingcotedeslegendes.com\/wp-content\/uploads\/2024\/10\/camping_cote_des_legendes_jardin_des_fleurs_3_chambres_02-768x576.webp 768w, https:\/\/www.campingcotedeslegendes.com\/wp-content\/uploads\/2024\/10\/camping_cote_des_legendes_jardin_des_fleurs_3_chambres_02-1536x1152.webp 1536w, https:\/\/www.campingcotedeslegendes.com\/wp-content\/uploads\/2024\/10\/camping_cote_des_legendes_jardin_des_fleurs_3_chambres_02-2048x1536.webp 2048w\" sizes=\"auto, (max-width: 2560px) 100vw, 2560px\"><\/div>\n\t<\/div><\/figure>\n\n<\/div>\n<\/div>\n<\/div><\/div>\n<\/div>\n<\/div><div class=\"bde-globalblock-1628-115 bde-globalblock\">\n<div class='breakdance'><section class=\"bde-section-779-100-779-1 bde-section bde-section-779-100\">\n  \n\t\n\n\n\n<div class=\"section-container\"><div class=\"bde-div-779-108-779-1 bde-div bde-div-779-108\">\n  \n\t\n\n\n\n<div class=\"bde-columns-779-101-779-1 bde-columns bde-columns-779-101\"><div class=\"bde-column-779-102-779-1 bde-column bde-column-779-102\">\n  \n\t\n\n\n\n<div class=\"bde-div-779-105-779-1 bde-div bde-div-779-105\">\n  \n\t\n\n\n\n<div class=\"bde-text-779-106-779-1 bde-text bde-text-779-106\">\nQUESTIONS\n<\/div><div class=\"bde-text-779-107-779-1 bde-text bde-text-779-107\">\nor for more details\n<\/div>\n<\/div>\n<\/div><div class=\"bde-column-779-103-779-1 bde-column bde-column-779-103\">\n  \n\t\n\n\n\n<div class=\"bde-button-779-104-779-1 bde-button bde-button-779-104\">\n    \n                                    \n    \n    \n    \n    \n            \n                    \n            \n            \n\n    \n    \n    \n    \n    \n    <a class=\"breakdance-link button-atom button-atom--primary bde-button__button\" href=\"https:\/\/www.campingcotedeslegendes.com\/en\/contact-access\/\" target=\"_self\" data-type=\"url\"  >\n\n    \n        <span class=\"button-atom__text\">Write to us<\/span>\n\n        \n        \n                <\/a>\n\n    \n\n\n<\/div>\n<\/div><\/div>\n<\/div><\/div>\n<\/section><\/div>\n<\/div><\/div>\n<\/section><\/div>","protected":false},"excerpt":{"rendered":"<p>Ouverture 2025 du camping C\u00f4te des L\u00e9gendes Le Camping C\u00f4te des L\u00e9gendes ouvre ses portes du 3 avril au 2 novembre 2025. Profitez de nos installations confortables et explorez la beaut\u00e9 naturelle de la r\u00e9gion. Avec des options de loisirs pour tous les \u00e2ges et des services pratiques comme la location de v\u00e9los, pr\u00e9parez-vous \u00e0 [&hellip;]<\/p>","protected":false},"author":1,"featured_media":1637,"comment_status":"closed","ping_status":"closed","sticky":false,"template":"","format":"standard","meta":{"_acf_changed":false,"_breakdance_hide_in_design_set":false,"_breakdance_tags":"","footnotes":""},"categories":[20],"tags":[],"class_list":["post-1628","post","type-post","status-publish","format-standard","has-post-thumbnail","hentry","category-actualites"],"acf":[],"yoast_head":"<!-- This site is optimized with the Yoast SEO plugin v24.1 - https:\/\/yoast.com\/wordpress\/plugins\/seo\/ -->\n<title>Ouverture r\u00e9servations 2025 | Camping de la C\u00f4te des L\u00e9gendes<\/title>\n<meta name=\"description\" content=\"Anticipez vos vacances 2025 au Camping de la C\u00f4te des L\u00e9gendes ! Emplacements en bord de mer, \u00e9quipements modernes, et ambiance relaxante.\" \/>\n<meta name=\"robots\" content=\"index, follow, max-snippet:-1, max-image-preview:large, max-video-preview:-1\" \/>\n<link rel=\"canonical\" href=\"https:\/\/www.campingcotedeslegendes.com\/en\/test\/\" \/>\n<meta property=\"og:locale\" content=\"en_GB\" \/>\n<meta property=\"og:type\" content=\"article\" \/>\n<meta property=\"og:title\" content=\"Ouverture r\u00e9servations 2025 | Camping de la C\u00f4te des L\u00e9gendes\" \/>\n<meta property=\"og:description\" content=\"Anticipez vos vacances 2025 au Camping de la C\u00f4te des L\u00e9gendes ! Emplacements en bord de mer, \u00e9quipements modernes, et ambiance relaxante.\" \/>\n<meta property=\"og:url\" content=\"https:\/\/www.campingcotedeslegendes.com\/en\/test\/\" \/>\n<meta property=\"og:site_name\" content=\"cote-des-legendes\" \/>\n<meta property=\"article:publisher\" content=\"https:\/\/www.facebook.com\/CampingCotedesLegendes\" \/>\n<meta property=\"article:published_time\" content=\"2024-10-17T12:19:05+00:00\" \/>\n<meta property=\"article:modified_time\" content=\"2024-10-30T13:21:17+00:00\" \/>\n<meta property=\"og:image\" content=\"https:\/\/www.campingcotedeslegendes.com\/wp-content\/uploads\/2024\/10\/camping_cote_de_legendes_chalet_1_chambre_drone-scaled.webp\" \/>\n\t<meta property=\"og:image:width\" content=\"2560\" \/>\n\t<meta property=\"og:image:height\" content=\"1440\" \/>\n\t<meta property=\"og:image:type\" content=\"image\/webp\" \/>\n<meta name=\"author\" content=\"steven\" \/>\n<meta name=\"twitter:card\" content=\"summary_large_image\" \/>\n<meta name=\"twitter:label1\" content=\"Written by\" \/>\n\t<meta name=\"twitter:data1\" content=\"steven\" \/>\n\t<meta name=\"twitter:label2\" content=\"Estimated reading time\" \/>\n\t<meta name=\"twitter:data2\" content=\"2 minutes\" \/>\n<script type=\"application\/ld+json\" class=\"yoast-schema-graph\">{\"@context\":\"https:\/\/schema.org\",\"@graph\":[{\"@type\":\"Article\",\"@id\":\"https:\/\/www.campingcotedeslegendes.com\/en\/test\/#article\",\"isPartOf\":{\"@id\":\"https:\/\/www.campingcotedeslegendes.com\/en\/test\/\"},\"author\":{\"name\":\"steven\",\"@id\":\"https:\/\/www.campingcotedeslegendes.com\/en\/#\/schema\/person\/31ea705664cd129434156e907b222630\"},\"headline\":\"Ouverture 2025\",\"datePublished\":\"2024-10-17T12:19:05+00:00\",\"dateModified\":\"2024-10-30T13:21:17+00:00\",\"mainEntityOfPage\":{\"@id\":\"https:\/\/www.campingcotedeslegendes.com\/en\/test\/\"},\"wordCount\":1,\"publisher\":{\"@id\":\"https:\/\/www.campingcotedeslegendes.com\/en\/#organization\"},\"image\":{\"@id\":\"https:\/\/www.campingcotedeslegendes.com\/en\/test\/#primaryimage\"},\"thumbnailUrl\":\"https:\/\/www.campingcotedeslegendes.com\/wp-content\/uploads\/2024\/10\/camping_cote_de_legendes_chalet_1_chambre_drone-scaled.webp\",\"articleSection\":[\"Actualit\u00e9s\"],\"inLanguage\":\"en-GB\"},{\"@type\":\"WebPage\",\"@id\":\"https:\/\/www.campingcotedeslegendes.com\/en\/test\/\",\"url\":\"https:\/\/www.campingcotedeslegendes.com\/en\/test\/\",\"name\":\"Ouverture r\u00e9servations 2025 | Camping de la C\u00f4te des L\u00e9gendes\",\"isPartOf\":{\"@id\":\"https:\/\/www.campingcotedeslegendes.com\/en\/#website\"},\"primaryImageOfPage\":{\"@id\":\"https:\/\/www.campingcotedeslegendes.com\/en\/test\/#primaryimage\"},\"image\":{\"@id\":\"https:\/\/www.campingcotedeslegendes.com\/en\/test\/#primaryimage\"},\"thumbnailUrl\":\"https:\/\/www.campingcotedeslegendes.com\/wp-content\/uploads\/2024\/10\/camping_cote_de_legendes_chalet_1_chambre_drone-scaled.webp\",\"datePublished\":\"2024-10-17T12:19:05+00:00\",\"dateModified\":\"2024-10-30T13:21:17+00:00\",\"description\":\"Anticipez vos vacances 2025 au Camping de la C\u00f4te des L\u00e9gendes ! Emplacements en bord de mer, \u00e9quipements modernes, et ambiance relaxante.\",\"breadcrumb\":{\"@id\":\"https:\/\/www.campingcotedeslegendes.com\/en\/test\/#breadcrumb\"},\"inLanguage\":\"en-GB\",\"potentialAction\":[{\"@type\":\"ReadAction\",\"target\":[\"https:\/\/www.campingcotedeslegendes.com\/en\/test\/\"]}]},{\"@type\":\"ImageObject\",\"inLanguage\":\"en-GB\",\"@id\":\"https:\/\/www.campingcotedeslegendes.com\/en\/test\/#primaryimage\",\"url\":\"https:\/\/www.campingcotedeslegendes.com\/wp-content\/uploads\/2024\/10\/camping_cote_de_legendes_chalet_1_chambre_drone-scaled.webp\",\"contentUrl\":\"https:\/\/www.campingcotedeslegendes.com\/wp-content\/uploads\/2024\/10\/camping_cote_de_legendes_chalet_1_chambre_drone-scaled.webp\",\"width\":2560,\"height\":1440},{\"@type\":\"BreadcrumbList\",\"@id\":\"https:\/\/www.campingcotedeslegendes.com\/en\/test\/#breadcrumb\",\"itemListElement\":[{\"@type\":\"ListItem\",\"position\":1,\"name\":\"Camping \u00e0 Brignogan-Plages\",\"item\":\"https:\/\/www.campingcotedeslegendes.com\/\"},{\"@type\":\"ListItem\",\"position\":2,\"name\":\"Actualit\u00e9s\",\"item\":\"https:\/\/www.campingcotedeslegendes.com\/actualites\/\"},{\"@type\":\"ListItem\",\"position\":3,\"name\":\"Ouverture des r\u00e9servations 2025\"}]},{\"@type\":\"WebSite\",\"@id\":\"https:\/\/www.campingcotedeslegendes.com\/en\/#website\",\"url\":\"https:\/\/www.campingcotedeslegendes.com\/en\/\",\"name\":\"Camping de la C\u00f4te des L\u00e9gendes\",\"description\":\"\",\"publisher\":{\"@id\":\"https:\/\/www.campingcotedeslegendes.com\/en\/#organization\"},\"potentialAction\":[{\"@type\":\"SearchAction\",\"target\":{\"@type\":\"EntryPoint\",\"urlTemplate\":\"https:\/\/www.campingcotedeslegendes.com\/en\/?s={search_term_string}\"},\"query-input\":{\"@type\":\"PropertyValueSpecification\",\"valueRequired\":true,\"valueName\":\"search_term_string\"}}],\"inLanguage\":\"en-GB\"},{\"@type\":\"Organization\",\"@id\":\"https:\/\/www.campingcotedeslegendes.com\/en\/#organization\",\"name\":\"Camping de la C\u00f4te des L\u00e9gendes\",\"url\":\"https:\/\/www.campingcotedeslegendes.com\/en\/\",\"logo\":{\"@type\":\"ImageObject\",\"inLanguage\":\"en-GB\",\"@id\":\"https:\/\/www.campingcotedeslegendes.com\/en\/#\/schema\/logo\/image\/\",\"url\":\"https:\/\/www.campingcotedeslegendes.com\/wp-content\/uploads\/2024\/06\/logo-header.png\",\"contentUrl\":\"https:\/\/www.campingcotedeslegendes.com\/wp-content\/uploads\/2024\/06\/logo-header.png\",\"width\":209,\"height\":111,\"caption\":\"Camping de la C\u00f4te des L\u00e9gendes\"},\"image\":{\"@id\":\"https:\/\/www.campingcotedeslegendes.com\/en\/#\/schema\/logo\/image\/\"},\"sameAs\":[\"https:\/\/www.facebook.com\/CampingCotedesLegendes\"]},{\"@type\":\"Person\",\"@id\":\"https:\/\/www.campingcotedeslegendes.com\/en\/#\/schema\/person\/31ea705664cd129434156e907b222630\",\"name\":\"steven\",\"image\":{\"@type\":\"ImageObject\",\"inLanguage\":\"en-GB\",\"@id\":\"https:\/\/www.campingcotedeslegendes.com\/en\/#\/schema\/person\/image\/\",\"url\":\"https:\/\/secure.gravatar.com\/avatar\/40eb022f273247734ef26054fc98d9ee505043fd76feafa3ef243f3c2249661f?s=96&d=mm&r=g\",\"contentUrl\":\"https:\/\/secure.gravatar.com\/avatar\/40eb022f273247734ef26054fc98d9ee505043fd76feafa3ef243f3c2249661f?s=96&d=mm&r=g\",\"caption\":\"steven\"},\"sameAs\":[\"http:\/\/www.campingcotedeslegendes.com\"]}]}<\/script>\n<!-- \/ Yoast SEO plugin. -->","yoast_head_json":{"title":"Ouverture r\u00e9servations 2025 | Camping de la C\u00f4te des L\u00e9gendes","description":"Anticipez vos vacances 2025 au Camping de la C\u00f4te des L\u00e9gendes ! Emplacements en bord de mer, \u00e9quipements modernes, et ambiance relaxante.","robots":{"index":"index","follow":"follow","max-snippet":"max-snippet:-1","max-image-preview":"max-image-preview:large","max-video-preview":"max-video-preview:-1"},"canonical":"https:\/\/www.campingcotedeslegendes.com\/en\/test\/","og_locale":"en_GB","og_type":"article","og_title":"Ouverture r\u00e9servations 2025 | Camping de la C\u00f4te des L\u00e9gendes","og_description":"Anticipez vos vacances 2025 au Camping de la C\u00f4te des L\u00e9gendes ! Emplacements en bord de mer, \u00e9quipements modernes, et ambiance relaxante.","og_url":"https:\/\/www.campingcotedeslegendes.com\/en\/test\/","og_site_name":"cote-des-legendes","article_publisher":"https:\/\/www.facebook.com\/CampingCotedesLegendes","article_published_time":"2024-10-17T12:19:05+00:00","article_modified_time":"2024-10-30T13:21:17+00:00","og_image":[{"width":2560,"height":1440,"url":"https:\/\/www.campingcotedeslegendes.com\/wp-content\/uploads\/2024\/10\/camping_cote_de_legendes_chalet_1_chambre_drone-scaled.webp","type":"image\/webp"}],"author":"steven","twitter_card":"summary_large_image","twitter_misc":{"Written by":"steven","Estimated reading time":"2 minutes"},"schema":{"@context":"https:\/\/schema.org","@graph":[{"@type":"Article","@id":"https:\/\/www.campingcotedeslegendes.com\/en\/test\/#article","isPartOf":{"@id":"https:\/\/www.campingcotedeslegendes.com\/en\/test\/"},"author":{"name":"steven","@id":"https:\/\/www.campingcotedeslegendes.com\/en\/#\/schema\/person\/31ea705664cd129434156e907b222630"},"headline":"Ouverture 2025","datePublished":"2024-10-17T12:19:05+00:00","dateModified":"2024-10-30T13:21:17+00:00","mainEntityOfPage":{"@id":"https:\/\/www.campingcotedeslegendes.com\/en\/test\/"},"wordCount":1,"publisher":{"@id":"https:\/\/www.campingcotedeslegendes.com\/en\/#organization"},"image":{"@id":"https:\/\/www.campingcotedeslegendes.com\/en\/test\/#primaryimage"},"thumbnailUrl":"https:\/\/www.campingcotedeslegendes.com\/wp-content\/uploads\/2024\/10\/camping_cote_de_legendes_chalet_1_chambre_drone-scaled.webp","articleSection":["Actualit\u00e9s"],"inLanguage":"en-GB"},{"@type":"WebPage","@id":"https:\/\/www.campingcotedeslegendes.com\/en\/test\/","url":"https:\/\/www.campingcotedeslegendes.com\/en\/test\/","name":"Ouverture r\u00e9servations 2025 | Camping de la C\u00f4te des L\u00e9gendes","isPartOf":{"@id":"https:\/\/www.campingcotedeslegendes.com\/en\/#website"},"primaryImageOfPage":{"@id":"https:\/\/www.campingcotedeslegendes.com\/en\/test\/#primaryimage"},"image":{"@id":"https:\/\/www.campingcotedeslegendes.com\/en\/test\/#primaryimage"},"thumbnailUrl":"https:\/\/www.campingcotedeslegendes.com\/wp-content\/uploads\/2024\/10\/camping_cote_de_legendes_chalet_1_chambre_drone-scaled.webp","datePublished":"2024-10-17T12:19:05+00:00","dateModified":"2024-10-30T13:21:17+00:00","description":"Anticipez vos vacances 2025 au Camping de la C\u00f4te des L\u00e9gendes ! Emplacements en bord de mer, \u00e9quipements modernes, et ambiance relaxante.","breadcrumb":{"@id":"https:\/\/www.campingcotedeslegendes.com\/en\/test\/#breadcrumb"},"inLanguage":"en-GB","potentialAction":[{"@type":"ReadAction","target":["https:\/\/www.campingcotedeslegendes.com\/en\/test\/"]}]},{"@type":"ImageObject","inLanguage":"en-GB","@id":"https:\/\/www.campingcotedeslegendes.com\/en\/test\/#primaryimage","url":"https:\/\/www.campingcotedeslegendes.com\/wp-content\/uploads\/2024\/10\/camping_cote_de_legendes_chalet_1_chambre_drone-scaled.webp","contentUrl":"https:\/\/www.campingcotedeslegendes.com\/wp-content\/uploads\/2024\/10\/camping_cote_de_legendes_chalet_1_chambre_drone-scaled.webp","width":2560,"height":1440},{"@type":"BreadcrumbList","@id":"https:\/\/www.campingcotedeslegendes.com\/en\/test\/#breadcrumb","itemListElement":[{"@type":"ListItem","position":1,"name":"Camping \u00e0 Brignogan-Plages","item":"https:\/\/www.campingcotedeslegendes.com\/"},{"@type":"ListItem","position":2,"name":"Actualit\u00e9s","item":"https:\/\/www.campingcotedeslegendes.com\/actualites\/"},{"@type":"ListItem","position":3,"name":"Ouverture des r\u00e9servations 2025"}]},{"@type":"WebSite","@id":"https:\/\/www.campingcotedeslegendes.com\/en\/#website","url":"https:\/\/www.campingcotedeslegendes.com\/en\/","name":"Camping de la C\u00f4te des L\u00e9gendes","description":"","publisher":{"@id":"https:\/\/www.campingcotedeslegendes.com\/en\/#organization"},"potentialAction":[{"@type":"SearchAction","target":{"@type":"EntryPoint","urlTemplate":"https:\/\/www.campingcotedeslegendes.com\/en\/?s={search_term_string}"},"query-input":{"@type":"PropertyValueSpecification","valueRequired":true,"valueName":"search_term_string"}}],"inLanguage":"en-GB"},{"@type":"Organization","@id":"https:\/\/www.campingcotedeslegendes.com\/en\/#organization","name":"Camping de la C\u00f4te des L\u00e9gendes","url":"https:\/\/www.campingcotedeslegendes.com\/en\/","logo":{"@type":"ImageObject","inLanguage":"en-GB","@id":"https:\/\/www.campingcotedeslegendes.com\/en\/#\/schema\/logo\/image\/","url":"https:\/\/www.campingcotedeslegendes.com\/wp-content\/uploads\/2024\/06\/logo-header.png","contentUrl":"https:\/\/www.campingcotedeslegendes.com\/wp-content\/uploads\/2024\/06\/logo-header.png","width":209,"height":111,"caption":"Camping de la C\u00f4te des L\u00e9gendes"},"image":{"@id":"https:\/\/www.campingcotedeslegendes.com\/en\/#\/schema\/logo\/image\/"},"sameAs":["https:\/\/www.facebook.com\/CampingCotedesLegendes"]},{"@type":"Person","@id":"https:\/\/www.campingcotedeslegendes.com\/en\/#\/schema\/person\/31ea705664cd129434156e907b222630","name":"steven","image":{"@type":"ImageObject","inLanguage":"en-GB","@id":"https:\/\/www.campingcotedeslegendes.com\/en\/#\/schema\/person\/image\/","url":"https:\/\/secure.gravatar.com\/avatar\/40eb022f273247734ef26054fc98d9ee505043fd76feafa3ef243f3c2249661f?s=96&d=mm&r=g","contentUrl":"https:\/\/secure.gravatar.com\/avatar\/40eb022f273247734ef26054fc98d9ee505043fd76feafa3ef243f3c2249661f?s=96&d=mm&r=g","caption":"steven"},"sameAs":["http:\/\/www.campingcotedeslegendes.com"]}]}},"_links":{"self":[{"href":"https:\/\/www.campingcotedeslegendes.com\/en\/wp-json\/wp\/v2\/posts\/1628","targetHints":{"allow":["GET"]}}],"collection":[{"href":"https:\/\/www.campingcotedeslegendes.com\/en\/wp-json\/wp\/v2\/posts"}],"about":[{"href":"https:\/\/www.campingcotedeslegendes.com\/en\/wp-json\/wp\/v2\/types\/post"}],"author":[{"embeddable":true,"href":"https:\/\/www.campingcotedeslegendes.com\/en\/wp-json\/wp\/v2\/users\/1"}],"replies":[{"embeddable":true,"href":"https:\/\/www.campingcotedeslegendes.com\/en\/wp-json\/wp\/v2\/comments?post=1628"}],"version-history":[{"count":12,"href":"https:\/\/www.campingcotedeslegendes.com\/en\/wp-json\/wp\/v2\/posts\/1628\/revisions"}],"predecessor-version":[{"id":2660,"href":"https:\/\/www.campingcotedeslegendes.com\/en\/wp-json\/wp\/v2\/posts\/1628\/revisions\/2660"}],"wp:featuredmedia":[{"embeddable":true,"href":"https:\/\/www.campingcotedeslegendes.com\/en\/wp-json\/wp\/v2\/media\/1637"}],"wp:attachment":[{"href":"https:\/\/www.campingcotedeslegendes.com\/en\/wp-json\/wp\/v2\/media?parent=1628"}],"wp:term":[{"taxonomy":"category","embeddable":true,"href":"https:\/\/www.campingcotedeslegendes.com\/en\/wp-json\/wp\/v2\/categories?post=1628"},{"taxonomy":"post_tag","embeddable":true,"href":"https:\/\/www.campingcotedeslegendes.com\/en\/wp-json\/wp\/v2\/tags?post=1628"}],"curies":[{"name":"wp","href":"https:\/\/api.w.org\/{rel}","templated":true}]}}