{"id":17,"count":2,"description":"Au c\u0153ur des cypr\u00e8s et au bord de mer, nos emplacements sont situ\u00e9s dans un cadre naturel pr\u00e9serv\u00e9 et verdoyant. Laissez le chant des oiseaux vous r\u00e9veiller !\r\n\r\nNos emplacements ombrag\u00e9s ou ensoleill\u00e9s font en moyenne plus de 100m\u00b2.\r\n\r\nPour vous garantir intimit\u00e9 et confort, tous nos emplacements disposent de pelouses vertes et sont d\u00e9limit\u00e9s par des haies arbustives.\r\n\r\nTous nos emplacements sont accessibles aux tentes, caravanes et camping-cars :\r\n<ul>\r\n \t<li>Point d'eau \u00e0 proximit\u00e9<\/li>\r\n \t<li>Avec ou sans \u00e9lectricit\u00e9 (10 Amp\u00e8res)<\/li>\r\n \t<li>Capacit\u00e9 : jusqu'\u00e0 6 personnes<\/li>\r\n \t<li>Surface : De 80m\u00b2 \u00e0 130m\u00b2<\/li>\r\n<\/ul>\r\nProfitez de la beaut\u00e9 de la Nature tout en b\u00e9n\u00e9ficiant de nos commodit\u00e9s et installations.\r\n\r\nDeux espaces sanitaires :\r\n\r\nB\u00e9n\u00e9ficiez de deux espaces sanitaires entretenus avec toilettes, douches et lavabos dont un avec un espace table \u00e0 langer B\u00e9b\u00e9. Les deux espaces sanitaires sont \u00e9quip\u00e9s pour les personnes \u00e0 mobilit\u00e9 r\u00e9duite (PMR).\r\n\r\nUne aire de service pour camping-cars et caravanes avec vidange est disponible \u00e0 l'entr\u00e9e du camping.\r\n\r\nPensez \u00e0 apporter votre adaptateur pour borne \u00e9lectrique et vos rallonges !\r\n\r\nEn cas d'oubli, des adaptateurs sont en location \u00e0 la journ\u00e9e.\r\n\r\nLe temps d\u2019un week-end ou de grandes vacances, profitez de nos emplacements spacieux, avec ou sans \u00e9lectricit\u00e9, pour arpenter les joyaux de la Bretagne Nord.\r\n\r\n<!-- notionvc: dc04c6ce-fbfe-4f47-8b01-9962cd704145 -->","link":"https:\/\/www.campingcotedeslegendes.com\/en\/les-emplacements\/","name":"Les emplacements","slug":"les-emplacements","taxonomy":"categorie-hebergement","parent":0,"meta":[],"acf":[],"yoast_head":"<!-- This site is optimized with the Yoast SEO plugin v24.1 - https:\/\/yoast.com\/wordpress\/plugins\/seo\/ -->\n<title>Emplacement camping Brignogan-Plages | Emplacements dans le Finist\u00e8re<\/title>\n<meta name=\"description\" content=\"R\u00e9servez votre emplacement de camping pour tente, caravane ou camping-car \u00e0 Brignogan-Plages pour vos vacances dans le Finist\u00e8re. Vivez l&#039;aventure !\" \/>\n<meta name=\"robots\" content=\"index, follow, max-snippet:-1, max-image-preview:large, max-video-preview:-1\" \/>\n<link rel=\"canonical\" href=\"https:\/\/www.campingcotedeslegendes.com\/en\/locations-2\/\" \/>\n<meta property=\"og:locale\" content=\"en_GB\" \/>\n<meta property=\"og:type\" content=\"article\" \/>\n<meta property=\"og:title\" content=\"Emplacement camping Brignogan-Plages | Emplacements dans le Finist\u00e8re\" \/>\n<meta property=\"og:description\" content=\"R\u00e9servez votre emplacement de camping pour tente, caravane ou camping-car \u00e0 Brignogan-Plages pour vos vacances dans le Finist\u00e8re. Vivez l&#039;aventure !\" \/>\n<meta property=\"og:url\" content=\"https:\/\/www.campingcotedeslegendes.com\/en\/locations-2\/\" \/>\n<meta property=\"og:site_name\" content=\"cote-des-legendes\" \/>\n<meta name=\"twitter:card\" content=\"summary_large_image\" \/>\n<script type=\"application\/ld+json\" class=\"yoast-schema-graph\">{\"@context\":\"https:\/\/schema.org\",\"@graph\":[{\"@type\":\"CollectionPage\",\"@id\":\"https:\/\/www.campingcotedeslegendes.com\/en\/les-emplacements\/\",\"url\":\"https:\/\/www.campingcotedeslegendes.com\/en\/les-emplacements\/\",\"name\":\"Emplacement camping Brignogan-Plages | Emplacements dans le Finist\u00e8re\",\"isPartOf\":{\"@id\":\"https:\/\/www.campingcotedeslegendes.com\/en\/#website\"},\"description\":\"R\u00e9servez votre emplacement de camping pour tente, caravane ou camping-car \u00e0 Brignogan-Plages pour vos vacances dans le Finist\u00e8re. Vivez l'aventure !\",\"breadcrumb\":{\"@id\":\"https:\/\/www.campingcotedeslegendes.com\/en\/les-emplacements\/#breadcrumb\"},\"inLanguage\":\"en-GB\"},{\"@type\":\"BreadcrumbList\",\"@id\":\"https:\/\/www.campingcotedeslegendes.com\/en\/les-emplacements\/#breadcrumb\",\"itemListElement\":[{\"@type\":\"ListItem\",\"position\":1,\"name\":\"Camping \u00e0 Brignogan-Plages\",\"item\":\"https:\/\/www.campingcotedeslegendes.com\/\"},{\"@type\":\"ListItem\",\"position\":2,\"name\":\"Emplacement pour tente, caravane et camping-car dans le Finist\u00e8re\"}]},{\"@type\":\"WebSite\",\"@id\":\"https:\/\/www.campingcotedeslegendes.com\/en\/#website\",\"url\":\"https:\/\/www.campingcotedeslegendes.com\/en\/\",\"name\":\"Camping de la C\u00f4te des L\u00e9gendes\",\"description\":\"\",\"publisher\":{\"@id\":\"https:\/\/www.campingcotedeslegendes.com\/en\/#organization\"},\"potentialAction\":[{\"@type\":\"SearchAction\",\"target\":{\"@type\":\"EntryPoint\",\"urlTemplate\":\"https:\/\/www.campingcotedeslegendes.com\/en\/?s={search_term_string}\"},\"query-input\":{\"@type\":\"PropertyValueSpecification\",\"valueRequired\":true,\"valueName\":\"search_term_string\"}}],\"inLanguage\":\"en-GB\"},{\"@type\":\"Organization\",\"@id\":\"https:\/\/www.campingcotedeslegendes.com\/en\/#organization\",\"name\":\"Camping de la C\u00f4te des L\u00e9gendes\",\"url\":\"https:\/\/www.campingcotedeslegendes.com\/en\/\",\"logo\":{\"@type\":\"ImageObject\",\"inLanguage\":\"en-GB\",\"@id\":\"https:\/\/www.campingcotedeslegendes.com\/en\/#\/schema\/logo\/image\/\",\"url\":\"https:\/\/www.campingcotedeslegendes.com\/wp-content\/uploads\/2024\/06\/logo-header.png\",\"contentUrl\":\"https:\/\/www.campingcotedeslegendes.com\/wp-content\/uploads\/2024\/06\/logo-header.png\",\"width\":209,\"height\":111,\"caption\":\"Camping de la C\u00f4te des L\u00e9gendes\"},\"image\":{\"@id\":\"https:\/\/www.campingcotedeslegendes.com\/en\/#\/schema\/logo\/image\/\"},\"sameAs\":[\"https:\/\/www.facebook.com\/CampingCotedesLegendes\"]}]}<\/script>\n<!-- \/ Yoast SEO plugin. -->","yoast_head_json":{"title":"Emplacement camping Brignogan-Plages | Emplacements dans le Finist\u00e8re","description":"R\u00e9servez votre emplacement de camping pour tente, caravane ou camping-car \u00e0 Brignogan-Plages pour vos vacances dans le Finist\u00e8re. Vivez l'aventure !","robots":{"index":"index","follow":"follow","max-snippet":"max-snippet:-1","max-image-preview":"max-image-preview:large","max-video-preview":"max-video-preview:-1"},"canonical":"https:\/\/www.campingcotedeslegendes.com\/en\/locations-2\/","og_locale":"en_GB","og_type":"article","og_title":"Emplacement camping Brignogan-Plages | Emplacements dans le Finist\u00e8re","og_description":"R\u00e9servez votre emplacement de camping pour tente, caravane ou camping-car \u00e0 Brignogan-Plages pour vos vacances dans le Finist\u00e8re. Vivez l'aventure !","og_url":"https:\/\/www.campingcotedeslegendes.com\/en\/locations-2\/","og_site_name":"cote-des-legendes","twitter_card":"summary_large_image","schema":{"@context":"https:\/\/schema.org","@graph":[{"@type":"CollectionPage","@id":"https:\/\/www.campingcotedeslegendes.com\/en\/les-emplacements\/","url":"https:\/\/www.campingcotedeslegendes.com\/en\/les-emplacements\/","name":"Emplacement camping Brignogan-Plages | Emplacements dans le Finist\u00e8re","isPartOf":{"@id":"https:\/\/www.campingcotedeslegendes.com\/en\/#website"},"description":"R\u00e9servez votre emplacement de camping pour tente, caravane ou camping-car \u00e0 Brignogan-Plages pour vos vacances dans le Finist\u00e8re. Vivez l'aventure !","breadcrumb":{"@id":"https:\/\/www.campingcotedeslegendes.com\/en\/les-emplacements\/#breadcrumb"},"inLanguage":"en-GB"},{"@type":"BreadcrumbList","@id":"https:\/\/www.campingcotedeslegendes.com\/en\/les-emplacements\/#breadcrumb","itemListElement":[{"@type":"ListItem","position":1,"name":"Camping \u00e0 Brignogan-Plages","item":"https:\/\/www.campingcotedeslegendes.com\/"},{"@type":"ListItem","position":2,"name":"Emplacement pour tente, caravane et camping-car dans le Finist\u00e8re"}]},{"@type":"WebSite","@id":"https:\/\/www.campingcotedeslegendes.com\/en\/#website","url":"https:\/\/www.campingcotedeslegendes.com\/en\/","name":"Camping de la C\u00f4te des L\u00e9gendes","description":"","publisher":{"@id":"https:\/\/www.campingcotedeslegendes.com\/en\/#organization"},"potentialAction":[{"@type":"SearchAction","target":{"@type":"EntryPoint","urlTemplate":"https:\/\/www.campingcotedeslegendes.com\/en\/?s={search_term_string}"},"query-input":{"@type":"PropertyValueSpecification","valueRequired":true,"valueName":"search_term_string"}}],"inLanguage":"en-GB"},{"@type":"Organization","@id":"https:\/\/www.campingcotedeslegendes.com\/en\/#organization","name":"Camping de la C\u00f4te des L\u00e9gendes","url":"https:\/\/www.campingcotedeslegendes.com\/en\/","logo":{"@type":"ImageObject","inLanguage":"en-GB","@id":"https:\/\/www.campingcotedeslegendes.com\/en\/#\/schema\/logo\/image\/","url":"https:\/\/www.campingcotedeslegendes.com\/wp-content\/uploads\/2024\/06\/logo-header.png","contentUrl":"https:\/\/www.campingcotedeslegendes.com\/wp-content\/uploads\/2024\/06\/logo-header.png","width":209,"height":111,"caption":"Camping de la C\u00f4te des L\u00e9gendes"},"image":{"@id":"https:\/\/www.campingcotedeslegendes.com\/en\/#\/schema\/logo\/image\/"},"sameAs":["https:\/\/www.facebook.com\/CampingCotedesLegendes"]}]}},"_links":{"self":[{"href":"https:\/\/www.campingcotedeslegendes.com\/en\/wp-json\/wp\/v2\/categorie-hebergement\/17","targetHints":{"allow":["GET"]}}],"collection":[{"href":"https:\/\/www.campingcotedeslegendes.com\/en\/wp-json\/wp\/v2\/categorie-hebergement"}],"about":[{"href":"https:\/\/www.campingcotedeslegendes.com\/en\/wp-json\/wp\/v2\/taxonomies\/categorie-hebergement"}],"wp:post_type":[{"href":"https:\/\/www.campingcotedeslegendes.com\/en\/wp-json\/wp\/v2\/cpt_hebergement?categorie-hebergement=17"}],"curies":[{"name":"wp","href":"https:\/\/api.w.org\/{rel}","templated":true}]}}